{"id":3970,"date":"2026-03-13T11:53:47","date_gmt":"2026-03-13T11:53:47","guid":{"rendered":"https:\/\/hermandadesperanzaarahal.es\/blog\/?p=3970"},"modified":"2026-03-13T13:11:33","modified_gmt":"2026-03-13T13:11:33","slug":"el-cristo-de-la-esperanza-regresa-a-su-altar-tras-las-tareas-conservativas-en-los-tejados-parroquiales","status":"publish","type":"post","link":"https:\/\/hermandadesperanzaarahal.es\/blog\/2026\/03\/13\/el-cristo-de-la-esperanza-regresa-a-su-altar-tras-las-tareas-conservativas-en-los-tejados-parroquiales\/","title":{"rendered":"EL CRISTO DE LA ESPERANZA REGRESA A SU ALTAR TRAS LAS TAREAS CONSERVATIVAS EN LOS TEJADOS PARROQUIALES"},"content":{"rendered":"\n<p class=\"justificar cabecera\">El Sant\u00edsimo Cristo de la Esperanza ya preside de nuevo su altar en la parroquia de Santa Mar\u00eda Magdalena tras finalizar las obras de impermeabilizaci\u00f3n en las cubiertas de la Parroquia. Los trabajos han logrado atajar los problemas de goteras mediante la limpieza, el afianzamiento de tejas y el sellado de grietas en el tejado.<\/p>\n\n\n\n<!--more-->\n\n\n\n<div class=\"wp-block-group justificar\"><div class=\"wp-block-group__inner-container is-layout-constrained wp-block-group-is-layout-constrained\"><div class=\"wp-block-image\">\n<figure class=\"aligncenter size-large\"><img loading=\"lazy\" decoding=\"async\" width=\"1024\" height=\"768\" src=\"http:\/\/hermandadesperanzaarahal.es\/blog\/wp-content\/uploads\/2026\/03\/Diseno-sin-titulo.jpg-1024x768.jpeg\" alt=\"\" class=\"wp-image-3997\" srcset=\"https:\/\/hermandadesperanzaarahal.es\/blog\/wp-content\/uploads\/2026\/03\/Diseno-sin-titulo.jpg-1024x768.jpeg 1024w, https:\/\/hermandadesperanzaarahal.es\/blog\/wp-content\/uploads\/2026\/03\/Diseno-sin-titulo.jpg-300x225.jpeg 300w, https:\/\/hermandadesperanzaarahal.es\/blog\/wp-content\/uploads\/2026\/03\/Diseno-sin-titulo.jpg-768x576.jpeg 768w, https:\/\/hermandadesperanzaarahal.es\/blog\/wp-content\/uploads\/2026\/03\/Diseno-sin-titulo.jpg-1536x1152.jpeg 1536w, https:\/\/hermandadesperanzaarahal.es\/blog\/wp-content\/uploads\/2026\/03\/Diseno-sin-titulo.jpg-624x468.jpeg 624w, https:\/\/hermandadesperanzaarahal.es\/blog\/wp-content\/uploads\/2026\/03\/Diseno-sin-titulo.jpg.jpeg 1600w\" sizes=\"auto, (max-width: 1024px) 100vw, 1024px\" \/><\/figure><\/div>\n\n\n<p>Tras el Solemne Quinario a nuestro amado Titular, ya se encuentra de nuevo presidiendo su altar de cultos en la Parroquia de Santa Mar\u00eda Magdalena. Despu\u00e9s de un periodo de resguardo preventivo, en la capilla del Sagrario, la sagrada Imagen ha sido repuesta a su lugar natural una vez finalizadas las necesarias tareas de mantenimiento en las cubiertas del templo.<\/p>\n\n\n\n<p>Como es sabido estas labores eran fundamentales para atajar los problemas de humedades y goteras que aparecieron con el episodio de lluvias continuadas de los \u00faltimos meses. En cuanto ha vuelto la estabilidad anticil\u00f3nica, se han abordado las actuaciones necesarias a la mayor brevedad posible garantizando as\u00ed la conservaci\u00f3n de nuestro patrimonio y la seguridad del altar.<\/p>\n\n\n\n<p>Detalle de los trabajos realizados<br>Los trabajos de mejora, centrados en el exterior de la zona del altar, han consistido en:<br>\u2022 Limpieza integral de los tejados y retirada de sedimentos.<br>\u2022 Afianzamiento de las tejas para evitar desplazamientos.<br>\u2022 Reparaci\u00f3n de grietas estructurales en la cubierta.<br>\u2022 Aplicaci\u00f3n de un recubrimiento final con pintura impermeable de alta resistencia.<\/p>\n\n\n\n<p>Desde aqu\u00ed agradecemos de todo coraz\u00f3n a los hermanos de nuestra corporaci\u00f3n que, de manera totalmente desinteresada, han asumido estas labores de mantenimiento, su actuaci\u00f3n generosa y su tiempo puesto al servicio de la Hermandad. Gracias a estas, el Sant\u00edsimo Cristo de la Esperanza vuelve a presentarse en su natural altar de culto, permitiendo que todos los hermanos y vecinos de Arahal puedan volver a postrarse ante \u00c9l con la cercan\u00eda de siempre.<\/p>\n\n\n\n<p>Acompa\u00f1amos esta noticia con una galer\u00eda de im\u00e1genes donde se puede contemplar el resultado de los trabajos y la vuelta del Se\u00f1or a su altar.<\/p>\n<\/div><\/div>\n\n\n\n<figure class=\"wp-block-gallery has-nested-images columns-2 wp-block-gallery-1 is-layout-flex wp-block-gallery-is-layout-flex\">\n<figure class=\"wp-block-image size-large\"><img loading=\"lazy\" decoding=\"async\" width=\"1024\" height=\"461\" data-id=\"3984\" src=\"https:\/\/hermandadesperanzaarahal.es\/blog\/wp-content\/uploads\/2026\/03\/WhatsApp-Image-2026-03-12-at-18.52.49-1-1024x461.jpeg\" alt=\"\" class=\"wp-image-3984\" srcset=\"https:\/\/hermandadesperanzaarahal.es\/blog\/wp-content\/uploads\/2026\/03\/WhatsApp-Image-2026-03-12-at-18.52.49-1-1024x461.jpeg 1024w, https:\/\/hermandadesperanzaarahal.es\/blog\/wp-content\/uploads\/2026\/03\/WhatsApp-Image-2026-03-12-at-18.52.49-1-300x135.jpeg 300w, https:\/\/hermandadesperanzaarahal.es\/blog\/wp-content\/uploads\/2026\/03\/WhatsApp-Image-2026-03-12-at-18.52.49-1-768x346.jpeg 768w, https:\/\/hermandadesperanzaarahal.es\/blog\/wp-content\/uploads\/2026\/03\/WhatsApp-Image-2026-03-12-at-18.52.49-1-1536x691.jpeg 1536w, https:\/\/hermandadesperanzaarahal.es\/blog\/wp-content\/uploads\/2026\/03\/WhatsApp-Image-2026-03-12-at-18.52.49-1-624x281.jpeg 624w, https:\/\/hermandadesperanzaarahal.es\/blog\/wp-content\/uploads\/2026\/03\/WhatsApp-Image-2026-03-12-at-18.52.49-1.jpeg 1600w\" sizes=\"auto, (max-width: 1024px) 100vw, 1024px\" \/><\/figure>\n\n\n\n<figure class=\"wp-block-image size-large\"><img loading=\"lazy\" decoding=\"async\" width=\"1024\" height=\"461\" data-id=\"3986\" src=\"https:\/\/hermandadesperanzaarahal.es\/blog\/wp-content\/uploads\/2026\/03\/WhatsApp-Image-2026-03-12-at-18.52.52-2-1024x461.jpeg\" alt=\"\" class=\"wp-image-3986\" srcset=\"https:\/\/hermandadesperanzaarahal.es\/blog\/wp-content\/uploads\/2026\/03\/WhatsApp-Image-2026-03-12-at-18.52.52-2-1024x461.jpeg 1024w, https:\/\/hermandadesperanzaarahal.es\/blog\/wp-content\/uploads\/2026\/03\/WhatsApp-Image-2026-03-12-at-18.52.52-2-300x135.jpeg 300w, https:\/\/hermandadesperanzaarahal.es\/blog\/wp-content\/uploads\/2026\/03\/WhatsApp-Image-2026-03-12-at-18.52.52-2-768x346.jpeg 768w, https:\/\/hermandadesperanzaarahal.es\/blog\/wp-content\/uploads\/2026\/03\/WhatsApp-Image-2026-03-12-at-18.52.52-2-1536x691.jpeg 1536w, https:\/\/hermandadesperanzaarahal.es\/blog\/wp-content\/uploads\/2026\/03\/WhatsApp-Image-2026-03-12-at-18.52.52-2-624x281.jpeg 624w, https:\/\/hermandadesperanzaarahal.es\/blog\/wp-content\/uploads\/2026\/03\/WhatsApp-Image-2026-03-12-at-18.52.52-2.jpeg 1600w\" sizes=\"auto, (max-width: 1024px) 100vw, 1024px\" \/><\/figure>\n\n\n\n<figure class=\"wp-block-image size-large\"><img loading=\"lazy\" decoding=\"async\" width=\"1024\" height=\"461\" data-id=\"3985\" src=\"https:\/\/hermandadesperanzaarahal.es\/blog\/wp-content\/uploads\/2026\/03\/WhatsApp-Image-2026-03-12-at-18.52.50-1-1024x461.jpeg\" alt=\"\" class=\"wp-image-3985\" srcset=\"https:\/\/hermandadesperanzaarahal.es\/blog\/wp-content\/uploads\/2026\/03\/WhatsApp-Image-2026-03-12-at-18.52.50-1-1024x461.jpeg 1024w, https:\/\/hermandadesperanzaarahal.es\/blog\/wp-content\/uploads\/2026\/03\/WhatsApp-Image-2026-03-12-at-18.52.50-1-300x135.jpeg 300w, https:\/\/hermandadesperanzaarahal.es\/blog\/wp-content\/uploads\/2026\/03\/WhatsApp-Image-2026-03-12-at-18.52.50-1-768x346.jpeg 768w, https:\/\/hermandadesperanzaarahal.es\/blog\/wp-content\/uploads\/2026\/03\/WhatsApp-Image-2026-03-12-at-18.52.50-1-1536x691.jpeg 1536w, https:\/\/hermandadesperanzaarahal.es\/blog\/wp-content\/uploads\/2026\/03\/WhatsApp-Image-2026-03-12-at-18.52.50-1-624x281.jpeg 624w, https:\/\/hermandadesperanzaarahal.es\/blog\/wp-content\/uploads\/2026\/03\/WhatsApp-Image-2026-03-12-at-18.52.50-1.jpeg 1600w\" sizes=\"auto, (max-width: 1024px) 100vw, 1024px\" \/><\/figure>\n\n\n\n<figure class=\"wp-block-image size-large\"><img loading=\"lazy\" decoding=\"async\" width=\"1024\" height=\"461\" data-id=\"3980\" src=\"https:\/\/hermandadesperanzaarahal.es\/blog\/wp-content\/uploads\/2026\/03\/WhatsApp-Image-2026-03-12-at-18.52.53-2-1-1024x461.jpeg\" alt=\"\" class=\"wp-image-3980\" srcset=\"https:\/\/hermandadesperanzaarahal.es\/blog\/wp-content\/uploads\/2026\/03\/WhatsApp-Image-2026-03-12-at-18.52.53-2-1-1024x461.jpeg 1024w, https:\/\/hermandadesperanzaarahal.es\/blog\/wp-content\/uploads\/2026\/03\/WhatsApp-Image-2026-03-12-at-18.52.53-2-1-300x135.jpeg 300w, https:\/\/hermandadesperanzaarahal.es\/blog\/wp-content\/uploads\/2026\/03\/WhatsApp-Image-2026-03-12-at-18.52.53-2-1-768x346.jpeg 768w, https:\/\/hermandadesperanzaarahal.es\/blog\/wp-content\/uploads\/2026\/03\/WhatsApp-Image-2026-03-12-at-18.52.53-2-1-1536x691.jpeg 1536w, https:\/\/hermandadesperanzaarahal.es\/blog\/wp-content\/uploads\/2026\/03\/WhatsApp-Image-2026-03-12-at-18.52.53-2-1-624x281.jpeg 624w, https:\/\/hermandadesperanzaarahal.es\/blog\/wp-content\/uploads\/2026\/03\/WhatsApp-Image-2026-03-12-at-18.52.53-2-1.jpeg 1600w\" sizes=\"auto, (max-width: 1024px) 100vw, 1024px\" \/><\/figure>\n\n\n\n<figure class=\"wp-block-image size-large\"><img loading=\"lazy\" decoding=\"async\" width=\"1024\" height=\"461\" data-id=\"3981\" src=\"https:\/\/hermandadesperanzaarahal.es\/blog\/wp-content\/uploads\/2026\/03\/WhatsApp-Image-2026-03-12-at-18.52.53-1-1-1024x461.jpeg\" alt=\"\" class=\"wp-image-3981\" srcset=\"https:\/\/hermandadesperanzaarahal.es\/blog\/wp-content\/uploads\/2026\/03\/WhatsApp-Image-2026-03-12-at-18.52.53-1-1-1024x461.jpeg 1024w, https:\/\/hermandadesperanzaarahal.es\/blog\/wp-content\/uploads\/2026\/03\/WhatsApp-Image-2026-03-12-at-18.52.53-1-1-300x135.jpeg 300w, https:\/\/hermandadesperanzaarahal.es\/blog\/wp-content\/uploads\/2026\/03\/WhatsApp-Image-2026-03-12-at-18.52.53-1-1-768x346.jpeg 768w, https:\/\/hermandadesperanzaarahal.es\/blog\/wp-content\/uploads\/2026\/03\/WhatsApp-Image-2026-03-12-at-18.52.53-1-1-1536x691.jpeg 1536w, https:\/\/hermandadesperanzaarahal.es\/blog\/wp-content\/uploads\/2026\/03\/WhatsApp-Image-2026-03-12-at-18.52.53-1-1-624x281.jpeg 624w, https:\/\/hermandadesperanzaarahal.es\/blog\/wp-content\/uploads\/2026\/03\/WhatsApp-Image-2026-03-12-at-18.52.53-1-1.jpeg 1600w\" sizes=\"auto, (max-width: 1024px) 100vw, 1024px\" \/><\/figure>\n\n\n\n<figure class=\"wp-block-image size-large\"><img loading=\"lazy\" decoding=\"async\" width=\"1024\" height=\"461\" data-id=\"3979\" src=\"https:\/\/hermandadesperanzaarahal.es\/blog\/wp-content\/uploads\/2026\/03\/WhatsApp-Image-2026-03-12-at-18.52.53-3-1024x461.jpeg\" alt=\"\" class=\"wp-image-3979\" srcset=\"https:\/\/hermandadesperanzaarahal.es\/blog\/wp-content\/uploads\/2026\/03\/WhatsApp-Image-2026-03-12-at-18.52.53-3-1024x461.jpeg 1024w, https:\/\/hermandadesperanzaarahal.es\/blog\/wp-content\/uploads\/2026\/03\/WhatsApp-Image-2026-03-12-at-18.52.53-3-300x135.jpeg 300w, https:\/\/hermandadesperanzaarahal.es\/blog\/wp-content\/uploads\/2026\/03\/WhatsApp-Image-2026-03-12-at-18.52.53-3-768x346.jpeg 768w, https:\/\/hermandadesperanzaarahal.es\/blog\/wp-content\/uploads\/2026\/03\/WhatsApp-Image-2026-03-12-at-18.52.53-3-1536x691.jpeg 1536w, https:\/\/hermandadesperanzaarahal.es\/blog\/wp-content\/uploads\/2026\/03\/WhatsApp-Image-2026-03-12-at-18.52.53-3-624x281.jpeg 624w, https:\/\/hermandadesperanzaarahal.es\/blog\/wp-content\/uploads\/2026\/03\/WhatsApp-Image-2026-03-12-at-18.52.53-3.jpeg 1600w\" sizes=\"auto, (max-width: 1024px) 100vw, 1024px\" \/><\/figure>\n\n\n\n<figure class=\"wp-block-image size-large\"><img loading=\"lazy\" decoding=\"async\" width=\"1024\" height=\"461\" data-id=\"3982\" src=\"https:\/\/hermandadesperanzaarahal.es\/blog\/wp-content\/uploads\/2026\/03\/WhatsApp-Image-2026-03-12-at-18.52.52-1-1-1024x461.jpeg\" alt=\"\" class=\"wp-image-3982\" srcset=\"https:\/\/hermandadesperanzaarahal.es\/blog\/wp-content\/uploads\/2026\/03\/WhatsApp-Image-2026-03-12-at-18.52.52-1-1-1024x461.jpeg 1024w, https:\/\/hermandadesperanzaarahal.es\/blog\/wp-content\/uploads\/2026\/03\/WhatsApp-Image-2026-03-12-at-18.52.52-1-1-300x135.jpeg 300w, https:\/\/hermandadesperanzaarahal.es\/blog\/wp-content\/uploads\/2026\/03\/WhatsApp-Image-2026-03-12-at-18.52.52-1-1-768x346.jpeg 768w, https:\/\/hermandadesperanzaarahal.es\/blog\/wp-content\/uploads\/2026\/03\/WhatsApp-Image-2026-03-12-at-18.52.52-1-1-1536x691.jpeg 1536w, https:\/\/hermandadesperanzaarahal.es\/blog\/wp-content\/uploads\/2026\/03\/WhatsApp-Image-2026-03-12-at-18.52.52-1-1-624x281.jpeg 624w, https:\/\/hermandadesperanzaarahal.es\/blog\/wp-content\/uploads\/2026\/03\/WhatsApp-Image-2026-03-12-at-18.52.52-1-1.jpeg 1600w\" sizes=\"auto, (max-width: 1024px) 100vw, 1024px\" \/><\/figure>\n\n\n\n<figure class=\"wp-block-image size-large\"><img loading=\"lazy\" decoding=\"async\" width=\"1024\" height=\"461\" data-id=\"3983\" src=\"https:\/\/hermandadesperanzaarahal.es\/blog\/wp-content\/uploads\/2026\/03\/WhatsApp-Image-2026-03-12-at-18.52.51-1-1024x461.jpeg\" alt=\"\" class=\"wp-image-3983\" srcset=\"https:\/\/hermandadesperanzaarahal.es\/blog\/wp-content\/uploads\/2026\/03\/WhatsApp-Image-2026-03-12-at-18.52.51-1-1024x461.jpeg 1024w, https:\/\/hermandadesperanzaarahal.es\/blog\/wp-content\/uploads\/2026\/03\/WhatsApp-Image-2026-03-12-at-18.52.51-1-300x135.jpeg 300w, https:\/\/hermandadesperanzaarahal.es\/blog\/wp-content\/uploads\/2026\/03\/WhatsApp-Image-2026-03-12-at-18.52.51-1-768x346.jpeg 768w, https:\/\/hermandadesperanzaarahal.es\/blog\/wp-content\/uploads\/2026\/03\/WhatsApp-Image-2026-03-12-at-18.52.51-1-1536x691.jpeg 1536w, https:\/\/hermandadesperanzaarahal.es\/blog\/wp-content\/uploads\/2026\/03\/WhatsApp-Image-2026-03-12-at-18.52.51-1-624x281.jpeg 624w, https:\/\/hermandadesperanzaarahal.es\/blog\/wp-content\/uploads\/2026\/03\/WhatsApp-Image-2026-03-12-at-18.52.51-1.jpeg 1600w\" sizes=\"auto, (max-width: 1024px) 100vw, 1024px\" \/><\/figure>\n<\/figure>\n\n\n\n<div class=\"wp-block-group justificar\"><div class=\"wp-block-group__inner-container is-layout-constrained wp-block-group-is-layout-constrained\">\n<p>Desde la Hermandad Sacramental invitamos a pasar por la Parroquia para reencontrarse con Su mirada y dar gracias juntos por el buen fin de estas obras.<\/p>\n\n\n\n<p>Laus Deo.<\/p>\n<\/div><\/div>\n","protected":false},"excerpt":{"rendered":"<p>El Sant\u00edsimo Cristo de la Esperanza ya preside de nuevo su altar en la parroquia de Santa Mar\u00eda Magdalena tras finalizar las obras de impermeabilizaci\u00f3n en las cubiertas de la Parroquia. Los trabajos han logrado atajar los problemas de goteras mediante la limpieza, el afianzamiento de tejas y el sellado de grietas en el tejado.<\/p>\n","protected":false},"author":1,"featured_media":0,"comment_status":"closed","ping_status":"closed","sticky":false,"template":"","format":"standard","meta":{"_editorskit_title_hidden":false,"_editorskit_reading_time":0,"_editorskit_is_block_options_detached":false,"_editorskit_block_options_position":"{}","footnotes":""},"categories":[1],"tags":[],"class_list":["post-3970","post","type-post","status-publish","format-standard","hentry","category-sin-categoria"],"yoast_head":"<!-- This site is optimized with the Yoast SEO plugin v24.7 - https:\/\/yoast.com\/wordpress\/plugins\/seo\/ -->\n<title>EL CRISTO DE LA ESPERANZA REGRESA A SU ALTAR TRAS LAS TAREAS CONSERVATIVAS EN LOS TEJADOS PARROQUIALES<\/title>\n<meta name=\"description\" content=\"El Sant\u00edsimo Cristo de la Esperanza ya preside de nuevo su altar en la parroquia de Santa Mar\u00eda Magdalena tras finalizar las obras de impermeabilizaci\u00f3n\" \/>\n<meta name=\"robots\" content=\"index, follow, max-snippet:-1, max-image-preview:large, max-video-preview:-1\" \/>\n<link rel=\"canonical\" href=\"https:\/\/hermandadesperanzaarahal.es\/blog\/2026\/03\/13\/el-cristo-de-la-esperanza-regresa-a-su-altar-tras-las-tareas-conservativas-en-los-tejados-parroquiales\/\" \/>\n<meta property=\"og:locale\" content=\"es_ES\" \/>\n<meta property=\"og:type\" content=\"article\" \/>\n<meta property=\"og:title\" content=\"EL CRISTO DE LA ESPERANZA REGRESA A SU ALTAR TRAS LAS TAREAS CONSERVATIVAS EN LOS TEJADOS PARROQUIALES\" \/>\n<meta property=\"og:description\" content=\"El Sant\u00edsimo Cristo de la Esperanza ya preside de nuevo su altar en la parroquia de Santa Mar\u00eda Magdalena tras finalizar las obras de impermeabilizaci\u00f3n\" \/>\n<meta property=\"og:url\" content=\"https:\/\/hermandadesperanzaarahal.es\/blog\/2026\/03\/13\/el-cristo-de-la-esperanza-regresa-a-su-altar-tras-las-tareas-conservativas-en-los-tejados-parroquiales\/\" \/>\n<meta property=\"og:site_name\" content=\"Real Hermandad Sacramental del Sant\u00edsimo Cristo de la Esperanza, Nuestra Se\u00f1ora de las Angustias, San Juan Evangelista y Santa Mar\u00eda Magdalena\" \/>\n<meta property=\"article:publisher\" content=\"https:\/\/www.facebook.com\/RealHermandadEsperanzaDeArahal\" \/>\n<meta property=\"article:published_time\" content=\"2026-03-13T11:53:47+00:00\" \/>\n<meta property=\"article:modified_time\" content=\"2026-03-13T13:11:33+00:00\" \/>\n<meta property=\"og:image\" content=\"http:\/\/hermandadesperanzaarahal.es\/blog\/wp-content\/uploads\/2026\/03\/Diseno-sin-titulo.jpg.jpeg\" \/>\n\t<meta property=\"og:image:width\" content=\"1600\" \/>\n\t<meta property=\"og:image:height\" content=\"1200\" \/>\n\t<meta property=\"og:image:type\" content=\"image\/jpeg\" \/>\n<meta name=\"author\" content=\"admin\" \/>\n<meta name=\"twitter:card\" content=\"summary_large_image\" \/>\n<meta name=\"twitter:image\" content=\"https:\/\/hermandadesperanzaarahal.es\/blog\/wp-content\/uploads\/2026\/03\/Diseno-sin-titulo.jpg.jpeg\" \/>\n<meta name=\"twitter:creator\" content=\"@hesperanzarahal\" \/>\n<meta name=\"twitter:site\" content=\"@hesperanzarahal\" \/>\n<meta name=\"twitter:label1\" content=\"Escrito por\" \/>\n\t<meta name=\"twitter:data1\" content=\"admin\" \/>\n\t<meta name=\"twitter:label2\" content=\"Tiempo de lectura\" \/>\n\t<meta name=\"twitter:data2\" content=\"4 minutos\" \/>\n<script type=\"application\/ld+json\" class=\"yoast-schema-graph\">{\"@context\":\"https:\/\/schema.org\",\"@graph\":[{\"@type\":\"Article\",\"@id\":\"https:\/\/hermandadesperanzaarahal.es\/blog\/2026\/03\/13\/el-cristo-de-la-esperanza-regresa-a-su-altar-tras-las-tareas-conservativas-en-los-tejados-parroquiales\/#article\",\"isPartOf\":{\"@id\":\"https:\/\/hermandadesperanzaarahal.es\/blog\/2026\/03\/13\/el-cristo-de-la-esperanza-regresa-a-su-altar-tras-las-tareas-conservativas-en-los-tejados-parroquiales\/\"},\"author\":{\"name\":\"admin\",\"@id\":\"https:\/\/hermandadesperanzaarahal.es\/blog\/#\/schema\/person\/be9b4d73a5954839fd6e0efe9edbc209\"},\"headline\":\"EL CRISTO DE LA ESPERANZA REGRESA A SU ALTAR TRAS LAS TAREAS CONSERVATIVAS EN LOS TEJADOS PARROQUIALES\",\"datePublished\":\"2026-03-13T11:53:47+00:00\",\"dateModified\":\"2026-03-13T13:11:33+00:00\",\"mainEntityOfPage\":{\"@id\":\"https:\/\/hermandadesperanzaarahal.es\/blog\/2026\/03\/13\/el-cristo-de-la-esperanza-regresa-a-su-altar-tras-las-tareas-conservativas-en-los-tejados-parroquiales\/\"},\"wordCount\":387,\"publisher\":{\"@id\":\"https:\/\/hermandadesperanzaarahal.es\/blog\/#organization\"},\"image\":{\"@id\":\"https:\/\/hermandadesperanzaarahal.es\/blog\/2026\/03\/13\/el-cristo-de-la-esperanza-regresa-a-su-altar-tras-las-tareas-conservativas-en-los-tejados-parroquiales\/#primaryimage\"},\"thumbnailUrl\":\"http:\/\/hermandadesperanzaarahal.es\/blog\/wp-content\/uploads\/2026\/03\/Diseno-sin-titulo.jpg-1024x768.jpeg\",\"inLanguage\":\"es\"},{\"@type\":\"WebPage\",\"@id\":\"https:\/\/hermandadesperanzaarahal.es\/blog\/2026\/03\/13\/el-cristo-de-la-esperanza-regresa-a-su-altar-tras-las-tareas-conservativas-en-los-tejados-parroquiales\/\",\"url\":\"https:\/\/hermandadesperanzaarahal.es\/blog\/2026\/03\/13\/el-cristo-de-la-esperanza-regresa-a-su-altar-tras-las-tareas-conservativas-en-los-tejados-parroquiales\/\",\"name\":\"EL CRISTO DE LA ESPERANZA REGRESA A SU ALTAR TRAS LAS TAREAS CONSERVATIVAS EN LOS TEJADOS PARROQUIALES\",\"isPartOf\":{\"@id\":\"https:\/\/hermandadesperanzaarahal.es\/blog\/#website\"},\"primaryImageOfPage\":{\"@id\":\"https:\/\/hermandadesperanzaarahal.es\/blog\/2026\/03\/13\/el-cristo-de-la-esperanza-regresa-a-su-altar-tras-las-tareas-conservativas-en-los-tejados-parroquiales\/#primaryimage\"},\"image\":{\"@id\":\"https:\/\/hermandadesperanzaarahal.es\/blog\/2026\/03\/13\/el-cristo-de-la-esperanza-regresa-a-su-altar-tras-las-tareas-conservativas-en-los-tejados-parroquiales\/#primaryimage\"},\"thumbnailUrl\":\"http:\/\/hermandadesperanzaarahal.es\/blog\/wp-content\/uploads\/2026\/03\/Diseno-sin-titulo.jpg-1024x768.jpeg\",\"datePublished\":\"2026-03-13T11:53:47+00:00\",\"dateModified\":\"2026-03-13T13:11:33+00:00\",\"description\":\"El Sant\u00edsimo Cristo de la Esperanza ya preside de nuevo su altar en la parroquia de Santa Mar\u00eda Magdalena tras finalizar las obras de impermeabilizaci\u00f3n\",\"breadcrumb\":{\"@id\":\"https:\/\/hermandadesperanzaarahal.es\/blog\/2026\/03\/13\/el-cristo-de-la-esperanza-regresa-a-su-altar-tras-las-tareas-conservativas-en-los-tejados-parroquiales\/#breadcrumb\"},\"inLanguage\":\"es\",\"potentialAction\":[{\"@type\":\"ReadAction\",\"target\":[\"https:\/\/hermandadesperanzaarahal.es\/blog\/2026\/03\/13\/el-cristo-de-la-esperanza-regresa-a-su-altar-tras-las-tareas-conservativas-en-los-tejados-parroquiales\/\"]}]},{\"@type\":\"ImageObject\",\"inLanguage\":\"es\",\"@id\":\"https:\/\/hermandadesperanzaarahal.es\/blog\/2026\/03\/13\/el-cristo-de-la-esperanza-regresa-a-su-altar-tras-las-tareas-conservativas-en-los-tejados-parroquiales\/#primaryimage\",\"url\":\"https:\/\/hermandadesperanzaarahal.es\/blog\/wp-content\/uploads\/2026\/03\/Diseno-sin-titulo.jpg.jpeg\",\"contentUrl\":\"https:\/\/hermandadesperanzaarahal.es\/blog\/wp-content\/uploads\/2026\/03\/Diseno-sin-titulo.jpg.jpeg\",\"width\":1600,\"height\":1200},{\"@type\":\"BreadcrumbList\",\"@id\":\"https:\/\/hermandadesperanzaarahal.es\/blog\/2026\/03\/13\/el-cristo-de-la-esperanza-regresa-a-su-altar-tras-las-tareas-conservativas-en-los-tejados-parroquiales\/#breadcrumb\",\"itemListElement\":[{\"@type\":\"ListItem\",\"position\":1,\"name\":\"Portada\",\"item\":\"https:\/\/hermandadesperanzaarahal.es\/blog\/\"},{\"@type\":\"ListItem\",\"position\":2,\"name\":\"EL CRISTO DE LA ESPERANZA REGRESA A SU ALTAR TRAS LAS TAREAS CONSERVATIVAS EN LOS TEJADOS PARROQUIALES\"}]},{\"@type\":\"WebSite\",\"@id\":\"https:\/\/hermandadesperanzaarahal.es\/blog\/#website\",\"url\":\"https:\/\/hermandadesperanzaarahal.es\/blog\/\",\"name\":\"Web Oficial de la Real Hermandad Sacramental y Cofrad\u00eda de Nazarenos del Sant\u00edsimo Cristo de la Esperanza, Nuestra Se\u00f1ora de las Angustias, San Juan Evangelista y Santa Mar\u00eda Magdalena de Arahal (Sevilla).\",\"description\":\"Web Oficial de la Real Hermandad Sacramental y Cofrad\u00eda de Nazarenos del Sant\u00edsimo Cristo de la Esperanza, Nuestra Se\u00f1ora de las Angustias, San Juan Evangelista y Santa Mar\u00eda Magdalena de Arahal (Sevilla).\",\"publisher\":{\"@id\":\"https:\/\/hermandadesperanzaarahal.es\/blog\/#organization\"},\"alternateName\":\"Real Hermandad Sacramental y Cofrad\u00eda de Nazarenos del Sant\u00edsimo Cristo de la Esperanza, Nuestra Se\u00f1ora de las Angustias, San Juan Evangelista y Santa Mar\u00eda Magdalena de Arahal (Sevilla)\",\"potentialAction\":[{\"@type\":\"SearchAction\",\"target\":{\"@type\":\"EntryPoint\",\"urlTemplate\":\"https:\/\/hermandadesperanzaarahal.es\/blog\/?s={search_term_string}\"},\"query-input\":{\"@type\":\"PropertyValueSpecification\",\"valueRequired\":true,\"valueName\":\"search_term_string\"}}],\"inLanguage\":\"es\"},{\"@type\":\"Organization\",\"@id\":\"https:\/\/hermandadesperanzaarahal.es\/blog\/#organization\",\"name\":\"Real Hermandad Sacramental del Sant\u00edsimo Cristo de la Esperanza, Nuestra Se\u00f1ora de las Angustias, San Juan Evangelista y Santa Mar\u00eda Magdalena\",\"alternateName\":\"Real Hermandad Sacramental del Sant\u00edsimo Cristo de la Esperanza - Arahal (Sevilla)\",\"url\":\"https:\/\/hermandadesperanzaarahal.es\/blog\/\",\"logo\":{\"@type\":\"ImageObject\",\"inLanguage\":\"es\",\"@id\":\"https:\/\/hermandadesperanzaarahal.es\/blog\/#\/schema\/logo\/image\/\",\"url\":\"https:\/\/hermandadesperanzaarahal.es\/blog\/wp-content\/uploads\/2021\/03\/ESCUDO-HERMANDAD-ESPERANZA-ARAHAL.png\",\"contentUrl\":\"https:\/\/hermandadesperanzaarahal.es\/blog\/wp-content\/uploads\/2021\/03\/ESCUDO-HERMANDAD-ESPERANZA-ARAHAL.png\",\"width\":1793,\"height\":2472,\"caption\":\"Real Hermandad Sacramental del Sant\u00edsimo Cristo de la Esperanza, Nuestra Se\u00f1ora de las Angustias, San Juan Evangelista y Santa Mar\u00eda Magdalena\"},\"image\":{\"@id\":\"https:\/\/hermandadesperanzaarahal.es\/blog\/#\/schema\/logo\/image\/\"},\"sameAs\":[\"https:\/\/www.facebook.com\/RealHermandadEsperanzaDeArahal\",\"https:\/\/x.com\/hesperanzarahal\"]},{\"@type\":\"Person\",\"@id\":\"https:\/\/hermandadesperanzaarahal.es\/blog\/#\/schema\/person\/be9b4d73a5954839fd6e0efe9edbc209\",\"name\":\"admin\",\"sameAs\":[\"http:\/\/hermandadesperanzaarahal.es\/blog\"],\"url\":\"https:\/\/hermandadesperanzaarahal.es\/blog\/author\/admin\/\"}]}<\/script>\n<!-- \/ Yoast SEO plugin. -->","yoast_head_json":{"title":"EL CRISTO DE LA ESPERANZA REGRESA A SU ALTAR TRAS LAS TAREAS CONSERVATIVAS EN LOS TEJADOS PARROQUIALES","description":"El Sant\u00edsimo Cristo de la Esperanza ya preside de nuevo su altar en la parroquia de Santa Mar\u00eda Magdalena tras finalizar las obras de impermeabilizaci\u00f3n","robots":{"index":"index","follow":"follow","max-snippet":"max-snippet:-1","max-image-preview":"max-image-preview:large","max-video-preview":"max-video-preview:-1"},"canonical":"https:\/\/hermandadesperanzaarahal.es\/blog\/2026\/03\/13\/el-cristo-de-la-esperanza-regresa-a-su-altar-tras-las-tareas-conservativas-en-los-tejados-parroquiales\/","og_locale":"es_ES","og_type":"article","og_title":"EL CRISTO DE LA ESPERANZA REGRESA A SU ALTAR TRAS LAS TAREAS CONSERVATIVAS EN LOS TEJADOS PARROQUIALES","og_description":"El Sant\u00edsimo Cristo de la Esperanza ya preside de nuevo su altar en la parroquia de Santa Mar\u00eda Magdalena tras finalizar las obras de impermeabilizaci\u00f3n","og_url":"https:\/\/hermandadesperanzaarahal.es\/blog\/2026\/03\/13\/el-cristo-de-la-esperanza-regresa-a-su-altar-tras-las-tareas-conservativas-en-los-tejados-parroquiales\/","og_site_name":"Real Hermandad Sacramental del Sant\u00edsimo Cristo de la Esperanza, Nuestra Se\u00f1ora de las Angustias, San Juan Evangelista y Santa Mar\u00eda Magdalena","article_publisher":"https:\/\/www.facebook.com\/RealHermandadEsperanzaDeArahal","article_published_time":"2026-03-13T11:53:47+00:00","article_modified_time":"2026-03-13T13:11:33+00:00","og_image":[{"width":1600,"height":1200,"url":"http:\/\/hermandadesperanzaarahal.es\/blog\/wp-content\/uploads\/2026\/03\/Diseno-sin-titulo.jpg.jpeg","type":"image\/jpeg"}],"author":"admin","twitter_card":"summary_large_image","twitter_image":"https:\/\/hermandadesperanzaarahal.es\/blog\/wp-content\/uploads\/2026\/03\/Diseno-sin-titulo.jpg.jpeg","twitter_creator":"@hesperanzarahal","twitter_site":"@hesperanzarahal","twitter_misc":{"Escrito por":"admin","Tiempo de lectura":"4 minutos"},"schema":{"@context":"https:\/\/schema.org","@graph":[{"@type":"Article","@id":"https:\/\/hermandadesperanzaarahal.es\/blog\/2026\/03\/13\/el-cristo-de-la-esperanza-regresa-a-su-altar-tras-las-tareas-conservativas-en-los-tejados-parroquiales\/#article","isPartOf":{"@id":"https:\/\/hermandadesperanzaarahal.es\/blog\/2026\/03\/13\/el-cristo-de-la-esperanza-regresa-a-su-altar-tras-las-tareas-conservativas-en-los-tejados-parroquiales\/"},"author":{"name":"admin","@id":"https:\/\/hermandadesperanzaarahal.es\/blog\/#\/schema\/person\/be9b4d73a5954839fd6e0efe9edbc209"},"headline":"EL CRISTO DE LA ESPERANZA REGRESA A SU ALTAR TRAS LAS TAREAS CONSERVATIVAS EN LOS TEJADOS PARROQUIALES","datePublished":"2026-03-13T11:53:47+00:00","dateModified":"2026-03-13T13:11:33+00:00","mainEntityOfPage":{"@id":"https:\/\/hermandadesperanzaarahal.es\/blog\/2026\/03\/13\/el-cristo-de-la-esperanza-regresa-a-su-altar-tras-las-tareas-conservativas-en-los-tejados-parroquiales\/"},"wordCount":387,"publisher":{"@id":"https:\/\/hermandadesperanzaarahal.es\/blog\/#organization"},"image":{"@id":"https:\/\/hermandadesperanzaarahal.es\/blog\/2026\/03\/13\/el-cristo-de-la-esperanza-regresa-a-su-altar-tras-las-tareas-conservativas-en-los-tejados-parroquiales\/#primaryimage"},"thumbnailUrl":"http:\/\/hermandadesperanzaarahal.es\/blog\/wp-content\/uploads\/2026\/03\/Diseno-sin-titulo.jpg-1024x768.jpeg","inLanguage":"es"},{"@type":"WebPage","@id":"https:\/\/hermandadesperanzaarahal.es\/blog\/2026\/03\/13\/el-cristo-de-la-esperanza-regresa-a-su-altar-tras-las-tareas-conservativas-en-los-tejados-parroquiales\/","url":"https:\/\/hermandadesperanzaarahal.es\/blog\/2026\/03\/13\/el-cristo-de-la-esperanza-regresa-a-su-altar-tras-las-tareas-conservativas-en-los-tejados-parroquiales\/","name":"EL CRISTO DE LA ESPERANZA REGRESA A SU ALTAR TRAS LAS TAREAS CONSERVATIVAS EN LOS TEJADOS PARROQUIALES","isPartOf":{"@id":"https:\/\/hermandadesperanzaarahal.es\/blog\/#website"},"primaryImageOfPage":{"@id":"https:\/\/hermandadesperanzaarahal.es\/blog\/2026\/03\/13\/el-cristo-de-la-esperanza-regresa-a-su-altar-tras-las-tareas-conservativas-en-los-tejados-parroquiales\/#primaryimage"},"image":{"@id":"https:\/\/hermandadesperanzaarahal.es\/blog\/2026\/03\/13\/el-cristo-de-la-esperanza-regresa-a-su-altar-tras-las-tareas-conservativas-en-los-tejados-parroquiales\/#primaryimage"},"thumbnailUrl":"http:\/\/hermandadesperanzaarahal.es\/blog\/wp-content\/uploads\/2026\/03\/Diseno-sin-titulo.jpg-1024x768.jpeg","datePublished":"2026-03-13T11:53:47+00:00","dateModified":"2026-03-13T13:11:33+00:00","description":"El Sant\u00edsimo Cristo de la Esperanza ya preside de nuevo su altar en la parroquia de Santa Mar\u00eda Magdalena tras finalizar las obras de impermeabilizaci\u00f3n","breadcrumb":{"@id":"https:\/\/hermandadesperanzaarahal.es\/blog\/2026\/03\/13\/el-cristo-de-la-esperanza-regresa-a-su-altar-tras-las-tareas-conservativas-en-los-tejados-parroquiales\/#breadcrumb"},"inLanguage":"es","potentialAction":[{"@type":"ReadAction","target":["https:\/\/hermandadesperanzaarahal.es\/blog\/2026\/03\/13\/el-cristo-de-la-esperanza-regresa-a-su-altar-tras-las-tareas-conservativas-en-los-tejados-parroquiales\/"]}]},{"@type":"ImageObject","inLanguage":"es","@id":"https:\/\/hermandadesperanzaarahal.es\/blog\/2026\/03\/13\/el-cristo-de-la-esperanza-regresa-a-su-altar-tras-las-tareas-conservativas-en-los-tejados-parroquiales\/#primaryimage","url":"https:\/\/hermandadesperanzaarahal.es\/blog\/wp-content\/uploads\/2026\/03\/Diseno-sin-titulo.jpg.jpeg","contentUrl":"https:\/\/hermandadesperanzaarahal.es\/blog\/wp-content\/uploads\/2026\/03\/Diseno-sin-titulo.jpg.jpeg","width":1600,"height":1200},{"@type":"BreadcrumbList","@id":"https:\/\/hermandadesperanzaarahal.es\/blog\/2026\/03\/13\/el-cristo-de-la-esperanza-regresa-a-su-altar-tras-las-tareas-conservativas-en-los-tejados-parroquiales\/#breadcrumb","itemListElement":[{"@type":"ListItem","position":1,"name":"Portada","item":"https:\/\/hermandadesperanzaarahal.es\/blog\/"},{"@type":"ListItem","position":2,"name":"EL CRISTO DE LA ESPERANZA REGRESA A SU ALTAR TRAS LAS TAREAS CONSERVATIVAS EN LOS TEJADOS PARROQUIALES"}]},{"@type":"WebSite","@id":"https:\/\/hermandadesperanzaarahal.es\/blog\/#website","url":"https:\/\/hermandadesperanzaarahal.es\/blog\/","name":"Web Oficial de la Real Hermandad Sacramental y Cofrad\u00eda de Nazarenos del Sant\u00edsimo Cristo de la Esperanza, Nuestra Se\u00f1ora de las Angustias, San Juan Evangelista y Santa Mar\u00eda Magdalena de Arahal (Sevilla).","description":"Web Oficial de la Real Hermandad Sacramental y Cofrad\u00eda de Nazarenos del Sant\u00edsimo Cristo de la Esperanza, Nuestra Se\u00f1ora de las Angustias, San Juan Evangelista y Santa Mar\u00eda Magdalena de Arahal (Sevilla).","publisher":{"@id":"https:\/\/hermandadesperanzaarahal.es\/blog\/#organization"},"alternateName":"Real Hermandad Sacramental y Cofrad\u00eda de Nazarenos del Sant\u00edsimo Cristo de la Esperanza, Nuestra Se\u00f1ora de las Angustias, San Juan Evangelista y Santa Mar\u00eda Magdalena de Arahal (Sevilla)","potentialAction":[{"@type":"SearchAction","target":{"@type":"EntryPoint","urlTemplate":"https:\/\/hermandadesperanzaarahal.es\/blog\/?s={search_term_string}"},"query-input":{"@type":"PropertyValueSpecification","valueRequired":true,"valueName":"search_term_string"}}],"inLanguage":"es"},{"@type":"Organization","@id":"https:\/\/hermandadesperanzaarahal.es\/blog\/#organization","name":"Real Hermandad Sacramental del Sant\u00edsimo Cristo de la Esperanza, Nuestra Se\u00f1ora de las Angustias, San Juan Evangelista y Santa Mar\u00eda Magdalena","alternateName":"Real Hermandad Sacramental del Sant\u00edsimo Cristo de la Esperanza - Arahal (Sevilla)","url":"https:\/\/hermandadesperanzaarahal.es\/blog\/","logo":{"@type":"ImageObject","inLanguage":"es","@id":"https:\/\/hermandadesperanzaarahal.es\/blog\/#\/schema\/logo\/image\/","url":"https:\/\/hermandadesperanzaarahal.es\/blog\/wp-content\/uploads\/2021\/03\/ESCUDO-HERMANDAD-ESPERANZA-ARAHAL.png","contentUrl":"https:\/\/hermandadesperanzaarahal.es\/blog\/wp-content\/uploads\/2021\/03\/ESCUDO-HERMANDAD-ESPERANZA-ARAHAL.png","width":1793,"height":2472,"caption":"Real Hermandad Sacramental del Sant\u00edsimo Cristo de la Esperanza, Nuestra Se\u00f1ora de las Angustias, San Juan Evangelista y Santa Mar\u00eda Magdalena"},"image":{"@id":"https:\/\/hermandadesperanzaarahal.es\/blog\/#\/schema\/logo\/image\/"},"sameAs":["https:\/\/www.facebook.com\/RealHermandadEsperanzaDeArahal","https:\/\/x.com\/hesperanzarahal"]},{"@type":"Person","@id":"https:\/\/hermandadesperanzaarahal.es\/blog\/#\/schema\/person\/be9b4d73a5954839fd6e0efe9edbc209","name":"admin","sameAs":["http:\/\/hermandadesperanzaarahal.es\/blog"],"url":"https:\/\/hermandadesperanzaarahal.es\/blog\/author\/admin\/"}]}},"_links":{"self":[{"href":"https:\/\/hermandadesperanzaarahal.es\/blog\/wp-json\/wp\/v2\/posts\/3970","targetHints":{"allow":["GET"]}}],"collection":[{"href":"https:\/\/hermandadesperanzaarahal.es\/blog\/wp-json\/wp\/v2\/posts"}],"about":[{"href":"https:\/\/hermandadesperanzaarahal.es\/blog\/wp-json\/wp\/v2\/types\/post"}],"author":[{"embeddable":true,"href":"https:\/\/hermandadesperanzaarahal.es\/blog\/wp-json\/wp\/v2\/users\/1"}],"replies":[{"embeddable":true,"href":"https:\/\/hermandadesperanzaarahal.es\/blog\/wp-json\/wp\/v2\/comments?post=3970"}],"version-history":[{"count":6,"href":"https:\/\/hermandadesperanzaarahal.es\/blog\/wp-json\/wp\/v2\/posts\/3970\/revisions"}],"predecessor-version":[{"id":3999,"href":"https:\/\/hermandadesperanzaarahal.es\/blog\/wp-json\/wp\/v2\/posts\/3970\/revisions\/3999"}],"wp:attachment":[{"href":"https:\/\/hermandadesperanzaarahal.es\/blog\/wp-json\/wp\/v2\/media?parent=3970"}],"wp:term":[{"taxonomy":"category","embeddable":true,"href":"https:\/\/hermandadesperanzaarahal.es\/blog\/wp-json\/wp\/v2\/categories?post=3970"},{"taxonomy":"post_tag","embeddable":true,"href":"https:\/\/hermandadesperanzaarahal.es\/blog\/wp-json\/wp\/v2\/tags?post=3970"}],"curies":[{"name":"wp","href":"https:\/\/api.w.org\/{rel}","templated":true}]}}